{"id":6874,"date":"2023-04-18T20:07:18","date_gmt":"2023-04-18T18:07:18","guid":{"rendered":"https:\/\/tineriiverzi.ro\/?p=6874"},"modified":"2023-04-18T20:07:19","modified_gmt":"2023-04-18T18:07:19","slug":"schimbarile-climatice-provocate-de-incalzirea-globala-se-fac-prezente-in-romania","status":"publish","type":"post","link":"https:\/\/tineriiverzi.ro\/index.php\/2023\/04\/18\/schimbarile-climatice-provocate-de-incalzirea-globala-se-fac-prezente-in-romania\/","title":{"rendered":"Schimb\u0103rile climatice provocate de \u00eenc\u0103lzirea global\u0103 se fac prezente \u00een Rom\u00e2nia"},"content":{"rendered":"\n<p>Schimb\u0103rile climatice provocate de \u00eenc\u0103lzirea global\u0103 se fac prezente \u00een Rom\u00e2nia prin manifest\u0103rile recente ale vremii.<\/p>\n\n\n\n<p>\u00cenceputul lunii aprilie a adus odat\u0103 cu acesta ninsori \u0219i intensific\u0103ri ale v\u00e2ntului \u00een majoritatea teritoriului \u021b\u0103rii \u0219i temperaturi p\u00e2n\u0103 la 12 grade sub medie.<\/p>\n\n\n\n<p>Printre m\u0103surile care au trebuit s\u0103 fie luate \u00een leg\u0103tur\u0103 cu vremea rea se num\u0103r\u0103 \u00eenchiderea mai multor drumuri din Boto\u0219ani \u0219i Ia\u0219i \u0219i suspendarea de c\u0103tre Comitetul Jude\u021bean pentru Situa\u021bii de <a><\/a>Urge\u021b\u0103 Neam\u021b a cursurilor tuturor \u0219colilor din jude\u021b.<\/p>\n\n\n\n<p>Aceste evenimente meteorologice influen\u021beaz\u0103, de asemenea, \u00een sens negativ sectorul agricol, \u00een special pomicultura \u0219i culturile de rapi\u021b\u0103, dup\u0103 cum tot ceea ce a \u00eenforit \u00een aceast\u0103 perioad\u0103 este posibil s\u0103 \u00eenghe\u021be.<\/p>\n\n\n\n<p>La polul opus, \u00een lunile de iarn\u0103 s-au \u00eenregistrat temperaturi specifice prim\u0103verii, meteorologii asem\u0103n\u00e2nd ziua de Cr\u0103ciun din punct de vedere termic cu cea de Pa\u0219te.<\/p>\n\n\n\n<p>Vremea neobi\u0219nuit de cald\u0103 \u00een iarna t\u00e2rzie poate da na\u0219tere fenomenului de prim\u0103var\u0103 fals\u0103, lucru care determin\u0103 cre\u0219terea prematur\u0103 a plantelor, l\u0103s\u00e2ndu-le vulnerabile fa\u021b\u0103 de \u00eenghe\u021buri.<\/p>\n\n\n\n<p>Schimb\u0103rile climatice au fost asociate cu numeroase probleme de s\u0103n\u0103tate, precum cele pulmonare sau cardiovasculare, dar \u0219i afec\u021biuni psihice.<\/p>\n\n\n\n<p>Se a\u0219teap\u0103 ca aceste evenimente, care reprezint\u0103 c\u00e2teva din semnele \u00eenc\u0103lzirii globale, s\u0103 se \u00eenr\u0103ut\u0103\u021beasc\u0103 din ce \u00een ce mai mult \u00een anii urm\u0103tori.<\/p>\n\n\n\n<p>Comportamentul uman la nivel individual care \u021binte\u0219te la ameliorarea schimb\u0103rilor climatice \u0219i protejarea mediului trebuie s\u0103 cuprind\u0103:<\/p>\n\n\n\n<p><img loading=\"lazy\" decoding=\"async\" alt=\"\ud83c\udf3b\" src=\"https:\/\/static.xx.fbcdn.net\/images\/emoji.php\/v9\/t1a\/1\/16\/1f33b.png\" width=\"16\" height=\"16\">renun\u021barea la mijloace de transport personale, care func\u021bioneaz\u0103 pe baz\u0103 de combustibili fosili, produc\u0103toare de Co2;<\/p>\n\n\n\n<p><img loading=\"lazy\" decoding=\"async\" alt=\"\ud83c\udf3b\" src=\"https:\/\/static.xx.fbcdn.net\/images\/emoji.php\/v9\/t1a\/1\/16\/1f33b.png\" width=\"16\" height=\"16\">reducerea consumului de carne \u0219i lactate, care contribuie \u00een mod masiv la producerea gazelor cu efect de ser\u0103 \u0219i la poluarea solului \u0219i apelor;<\/p>\n\n\n\n<p><img loading=\"lazy\" decoding=\"async\" alt=\"\ud83c\udf3b\" src=\"https:\/\/static.xx.fbcdn.net\/images\/emoji.php\/v9\/t1a\/1\/16\/1f33b.png\" width=\"16\" height=\"16\">reducerea consumului dispropor\u021bionat de produse, \u00eentruc\u00e2t contribuie la poluarea planetei, prin crearea de de\u0219euri.<\/p>\n\n\n\n<p>Miruna Necula &#8211; Coordonatoarea departamentului de Mediu din cadrul organiza\u021biei &#8222;Tinerii Verzi&#8221;<\/p>\n","protected":false},"excerpt":{"rendered":"<p>Schimb\u0103rile climatice provocate de \u00eenc\u0103lzirea global\u0103 se fac prezente \u00een Rom\u00e2nia prin manifest\u0103rile recente ale vremii. \u00cenceputul lunii aprilie a adus odat\u0103 cu acesta ninsori \u0219i intensific\u0103ri ale v\u00e2ntului \u00een majoritatea teritoriului \u021b\u0103rii \u0219i temperaturi p\u00e2n\u0103 la 12 grade sub medie. Printre m\u0103surile care au trebuit s\u0103 fie luate \u00een leg\u0103tur\u0103 cu vremea rea se&#8230; <\/p>\n<div class=\"clear\"><\/div>\n<p><a href=\"https:\/\/tineriiverzi.ro\/index.php\/2023\/04\/18\/schimbarile-climatice-provocate-de-incalzirea-globala-se-fac-prezente-in-romania\/\" class=\"excerpt-read-more\">Read More<\/a><\/p>\n","protected":false},"author":1,"featured_media":6875,"comment_status":"open","ping_status":"open","sticky":false,"template":"","format":"standard","meta":{"footnotes":""},"categories":[1],"tags":[95,111,112,92],"class_list":["post-6874","post","type-post","status-publish","format-standard","has-post-thumbnail","hentry","category-uncategorized","tag-comunicat","tag-mediu","tag-schimbari-climatice","tag-tinerii-verzi"],"_links":{"self":[{"href":"https:\/\/tineriiverzi.ro\/index.php\/wp-json\/wp\/v2\/posts\/6874","targetHints":{"allow":["GET"]}}],"collection":[{"href":"https:\/\/tineriiverzi.ro\/index.php\/wp-json\/wp\/v2\/posts"}],"about":[{"href":"https:\/\/tineriiverzi.ro\/index.php\/wp-json\/wp\/v2\/types\/post"}],"author":[{"embeddable":true,"href":"https:\/\/tineriiverzi.ro\/index.php\/wp-json\/wp\/v2\/users\/1"}],"replies":[{"embeddable":true,"href":"https:\/\/tineriiverzi.ro\/index.php\/wp-json\/wp\/v2\/comments?post=6874"}],"version-history":[{"count":2,"href":"https:\/\/tineriiverzi.ro\/index.php\/wp-json\/wp\/v2\/posts\/6874\/revisions"}],"predecessor-version":[{"id":6877,"href":"https:\/\/tineriiverzi.ro\/index.php\/wp-json\/wp\/v2\/posts\/6874\/revisions\/6877"}],"wp:featuredmedia":[{"embeddable":true,"href":"https:\/\/tineriiverzi.ro\/index.php\/wp-json\/wp\/v2\/media\/6875"}],"wp:attachment":[{"href":"https:\/\/tineriiverzi.ro\/index.php\/wp-json\/wp\/v2\/media?parent=6874"}],"wp:term":[{"taxonomy":"category","embeddable":true,"href":"https:\/\/tineriiverzi.ro\/index.php\/wp-json\/wp\/v2\/categories?post=6874"},{"taxonomy":"post_tag","embeddable":true,"href":"https:\/\/tineriiverzi.ro\/index.php\/wp-json\/wp\/v2\/tags?post=6874"}],"curies":[{"name":"wp","href":"https:\/\/api.w.org\/{rel}","templated":true}]}}